{"id":4678,"date":"2022-06-29T15:58:07","date_gmt":"2022-06-29T18:58:07","guid":{"rendered":"http:\/\/passasete.rs.gov.br\/portal\/?p=4678"},"modified":"2022-06-29T15:58:09","modified_gmt":"2022-06-29T18:58:09","slug":"informativo-pit-no-11-junho-2022","status":"publish","type":"post","link":"http:\/\/passasete.rs.gov.br\/portal\/2022\/06\/29\/informativo-pit-no-11-junho-2022\/","title":{"rendered":"INFORMATIVO PIT &#8211; N\u00ba 11 &#8211; JUNHO\/2022"},"content":{"rendered":"\n<p><strong>CONFIRA A 11\u00aa EDI\u00c7\u00c3O DO INFORMATIVO PIT<\/strong><\/p>\n\n\n\n<p><strong>Confira as not\u00edcias desta edi\u00e7\u00e3o:<\/strong><\/p>\n\n\n\n<p>Pr\u00eamio Nacional de Educa\u00e7\u00e3o Fiscal completa dez anos com edi\u00e7\u00e3o bienal e participa\u00e7\u00e3o de projetos pontua no PIT<\/p>\n\n\n\n<p>As inscri\u00e7\u00f5es est\u00e3o abertas! #OPr\u00eamioT\u00e1ON.<\/p>\n\n\n\n<p>Novos tutores em Educa\u00e7\u00e3o Fiscal na BNCC s\u00e3o formados em curso in\u00e9dito promovido pela Receita Estadual<\/p>\n\n\n\n<p>17 tutoras conclu\u00edram o curso e formaram 906 professores.<\/p>\n\n\n\n<p>4\u00aa turma do Curso Educa\u00e7\u00e3o Fiscal na Base Nacional Comum Curricular est\u00e1 com inscri\u00e7\u00f5es abertas<\/p>\n\n\n\n<p>Est\u00e3o sendo disponibilizadas 200 vagas no curso.<\/p>\n\n\n\n<p>Receita Estadual recebe visita t\u00e9cnica de equipe de Educa\u00e7\u00e3o Fiscal do Par\u00e1<\/p>\n\n\n\n<p>Durante visita t\u00e9cnica a equipe de Educa\u00e7\u00e3o Fiscal do Par\u00e1 participou de atividades de integra\u00e7\u00e3o e capacita\u00e7\u00e3o.<\/p>\n\n\n\n<p>Receita Estadual publica pontua\u00e7\u00e3o definitiva dos munic\u00edpios no PIT do 2\u00ba semestre de 2021<\/p>\n\n\n\n<p>J\u00e1 est\u00e1 dispon\u00edvel o Protocolo Eletr\u00f4nico para Presta\u00e7\u00e3o de Contas do PIT referente ao 1\u00ba semestre\/2022.<\/p>\n\n\n\n<p>Confira a agenda de cursos do 3\u00b0 trimestre que est\u00e3o com as inscri\u00e7\u00f5es abertas<\/p>\n\n\n\n<p>Calend\u00e1rio de cursos EAD realizados na plataforma da Receita Estadual est\u00e3o divulgados no site de Educa\u00e7\u00e3o Fiscal.<\/p>\n\n\n\n<p>Eventos realizados em maio tiveram a participa\u00e7\u00e3o da equipe da DRCM<\/p>\n\n\n\n<p>Semin\u00e1rios de Educa\u00e7\u00e3o Fiscal dos munic\u00edpios de Cap\u00e3o do Le\u00e3o e Po\u00e7o das Antas foram realizados no dia 10 de maio.<\/p>\n\n\n\n<p>Nota Fiscal Ga\u00facha completa dez anos com mais de R$ 73 milh\u00f5es distribu\u00eddos em pr\u00eamios e R$ 141 milh\u00f5es repassados a entidades<\/p>\n\n\n\n<p>O objetivo \u00e9 estimular o cidad\u00e3o a pedir nota fiscal em suas compras e gerar conscientiza\u00e7\u00e3o sobre a fun\u00e7\u00e3o social do tributo.<\/p>\n\n\n\n<p><strong>A nova edi\u00e7\u00e3o do INFORMATIVO PIT est\u00e1 dispon\u00edvel para download no site da Receita Estadual e no site de Educa\u00e7\u00e3o Fiscal.<\/strong><\/p>\n\n\n\n<p><a href=\"https:\/\/receita.fazenda.rs.gov.br\/conteudo\/17627\/informativo-pit-n%C2%BA-11---junho-2022\">https:\/\/receita.fazenda.rs.gov.br\/conteudo\/17627\/informativo-pit-n%C2%BA-11&#8212;junho-2022<\/a><\/p>\n\n\n\n<p><a href=\"http:\/\/www.educacaofiscal.rs.gov.br\/noticias\/2022\/06\/informativo-pit-n%C2%BA-11-junho-2022\/\">http:\/\/www.educacaofiscal.rs.gov.br\/noticias\/2022\/06\/informativo-pit-n%C2%BA-11-junho-2022\/<\/a><\/p>\n\n\n\n<p><\/p>\n","protected":false},"excerpt":{"rendered":"<p>CONFIRA A 11\u00aa EDI\u00c7\u00c3O DO INFORMATIVO PIT Confira as not\u00edcias desta edi\u00e7\u00e3o: Pr\u00eamio Nacional de Educa\u00e7\u00e3o Fiscal completa dez anos com edi\u00e7\u00e3o bienal e participa\u00e7\u00e3o de<span class=\"excerpt-hellip\"> [\u2026]<\/span><\/p>\n","protected":false},"author":7,"featured_media":4679,"comment_status":"open","ping_status":"open","sticky":false,"template":"","format":"standard","meta":{"footnotes":""},"categories":[15],"tags":[],"class_list":["post-4678","post","type-post","status-publish","format-standard","has-post-thumbnail","hentry","category-noticias"],"_links":{"self":[{"href":"http:\/\/passasete.rs.gov.br\/portal\/wp-json\/wp\/v2\/posts\/4678","targetHints":{"allow":["GET"]}}],"collection":[{"href":"http:\/\/passasete.rs.gov.br\/portal\/wp-json\/wp\/v2\/posts"}],"about":[{"href":"http:\/\/passasete.rs.gov.br\/portal\/wp-json\/wp\/v2\/types\/post"}],"author":[{"embeddable":true,"href":"http:\/\/passasete.rs.gov.br\/portal\/wp-json\/wp\/v2\/users\/7"}],"replies":[{"embeddable":true,"href":"http:\/\/passasete.rs.gov.br\/portal\/wp-json\/wp\/v2\/comments?post=4678"}],"version-history":[{"count":1,"href":"http:\/\/passasete.rs.gov.br\/portal\/wp-json\/wp\/v2\/posts\/4678\/revisions"}],"predecessor-version":[{"id":4680,"href":"http:\/\/passasete.rs.gov.br\/portal\/wp-json\/wp\/v2\/posts\/4678\/revisions\/4680"}],"wp:featuredmedia":[{"embeddable":true,"href":"http:\/\/passasete.rs.gov.br\/portal\/wp-json\/wp\/v2\/media\/4679"}],"wp:attachment":[{"href":"http:\/\/passasete.rs.gov.br\/portal\/wp-json\/wp\/v2\/media?parent=4678"}],"wp:term":[{"taxonomy":"category","embeddable":true,"href":"http:\/\/passasete.rs.gov.br\/portal\/wp-json\/wp\/v2\/categories?post=4678"},{"taxonomy":"post_tag","embeddable":true,"href":"http:\/\/passasete.rs.gov.br\/portal\/wp-json\/wp\/v2\/tags?post=4678"}],"curies":[{"name":"wp","href":"https:\/\/api.w.org\/{rel}","templated":true}]}}