{"id":6416,"date":"2024-01-05T08:55:01","date_gmt":"2024-01-05T11:55:01","guid":{"rendered":"https:\/\/passasete.rs.gov.br\/portal\/?p=6416"},"modified":"2024-01-05T08:55:02","modified_gmt":"2024-01-05T11:55:02","slug":"informativo-pit-no-20-dezembro-2023","status":"publish","type":"post","link":"http:\/\/passasete.rs.gov.br\/portal\/2024\/01\/05\/informativo-pit-no-20-dezembro-2023\/","title":{"rendered":"INFORMATIVO PIT &#8211; N\u00ba 20 &#8211; DEZEMBRO\/2023"},"content":{"rendered":"\n<p><strong>Confira as not\u00edcias desta edi\u00e7\u00e3o:<\/strong><\/p>\n\n\n\n<p>Prazo para Presta\u00e7\u00e3o de Contas do PIT referente ao 2\u00ba semestre de 2023 encerra no dia 28 de fevereiro<\/p>\n\n\n\n<p>Receita Estadual promove 1\u00ba Congresso Latino-Americano de Educa\u00e7\u00e3o Fiscal<\/p>\n\n\n\n<p>&#8220;O Jardim dos Tributos&#8221; ganha pr\u00eamio na etapa final do 11\u00b0 Pr\u00eamio Nacional de Educa\u00e7\u00e3o Fiscal em Bras\u00edlia<\/p>\n\n\n\n<p>Prefeitura Municipal de Chuvisca conquista o 2\u00ba lugar na categoria \u201cInstitui\u00e7\u00f5es\u201d do 11\u00ba Pr\u00eamio Nacional de Educa\u00e7\u00e3o Fiscal<\/p>\n\n\n\n<p>Projeto \u201cSapi\u00eancia e Enrolado\u201d esteve em 20 munic\u00edpios ga\u00fachos e reuniu mais de 6 mil alunos nas palestras musicadas<\/p>\n\n\n\n<p>Receita Estadual promove caravana de Educa\u00e7\u00e3o Fiscal para divulgar novidades e engajar comunidades locais<\/p>\n\n\n\n<p>Grupo de trabalho nacional planeja a\u00e7\u00f5es inovadoras de Educa\u00e7\u00e3o Fiscal para 2024<\/p>\n\n\n\n<p>Abertas as inscri\u00e7\u00f5es para turma de fevereiro de 2024 do Curso Educa\u00e7\u00e3o Fiscal na BNCC, com novos conte\u00fados<\/p>\n\n\n\n<p>Receita Estadual divulga \u00edndices definitivos de rateio do ICMS para os munic\u00edpios em 2024<\/p>\n\n\n\n<p>A nova edi\u00e7\u00e3o do Boletim Informativo PIT est\u00e1 dispon\u00edvel para download\u00a0<a rel=\"noreferrer noopener\" href=\"https:\/\/www.educacaofiscal.rs.gov.br\/media\/hp4hq3fl\/informativo-20.pdf\" target=\"_blank\">aqui<\/a>.<\/p>\n\n\n\n<p><a href=\"https:\/\/www.educacaofiscal.rs.gov.br\/media\/hp4hq3fl\/informativo-20.pdf\">https:\/\/www.educacaofiscal.rs.gov.br\/media\/hp4hq3fl\/informativo-20.pdf<\/a><\/p>\n","protected":false},"excerpt":{"rendered":"<p>Confira as not\u00edcias desta edi\u00e7\u00e3o: Prazo para Presta\u00e7\u00e3o de Contas do PIT referente ao 2\u00ba semestre de 2023 encerra no dia 28 de fevereiro Receita Estadual<span class=\"excerpt-hellip\"> [\u2026]<\/span><\/p>\n","protected":false},"author":7,"featured_media":6418,"comment_status":"open","ping_status":"open","sticky":false,"template":"","format":"standard","meta":{"footnotes":""},"categories":[15],"tags":[],"class_list":["post-6416","post","type-post","status-publish","format-standard","has-post-thumbnail","hentry","category-noticias"],"_links":{"self":[{"href":"http:\/\/passasete.rs.gov.br\/portal\/wp-json\/wp\/v2\/posts\/6416","targetHints":{"allow":["GET"]}}],"collection":[{"href":"http:\/\/passasete.rs.gov.br\/portal\/wp-json\/wp\/v2\/posts"}],"about":[{"href":"http:\/\/passasete.rs.gov.br\/portal\/wp-json\/wp\/v2\/types\/post"}],"author":[{"embeddable":true,"href":"http:\/\/passasete.rs.gov.br\/portal\/wp-json\/wp\/v2\/users\/7"}],"replies":[{"embeddable":true,"href":"http:\/\/passasete.rs.gov.br\/portal\/wp-json\/wp\/v2\/comments?post=6416"}],"version-history":[{"count":1,"href":"http:\/\/passasete.rs.gov.br\/portal\/wp-json\/wp\/v2\/posts\/6416\/revisions"}],"predecessor-version":[{"id":6417,"href":"http:\/\/passasete.rs.gov.br\/portal\/wp-json\/wp\/v2\/posts\/6416\/revisions\/6417"}],"wp:featuredmedia":[{"embeddable":true,"href":"http:\/\/passasete.rs.gov.br\/portal\/wp-json\/wp\/v2\/media\/6418"}],"wp:attachment":[{"href":"http:\/\/passasete.rs.gov.br\/portal\/wp-json\/wp\/v2\/media?parent=6416"}],"wp:term":[{"taxonomy":"category","embeddable":true,"href":"http:\/\/passasete.rs.gov.br\/portal\/wp-json\/wp\/v2\/categories?post=6416"},{"taxonomy":"post_tag","embeddable":true,"href":"http:\/\/passasete.rs.gov.br\/portal\/wp-json\/wp\/v2\/tags?post=6416"}],"curies":[{"name":"wp","href":"https:\/\/api.w.org\/{rel}","templated":true}]}}